{"id":466,"date":"2014-01-26T07:48:21","date_gmt":"2014-01-26T06:48:21","guid":{"rendered":"http:\/\/blog.katjaundwolfgang.de\/?p=466"},"modified":"2014-01-26T08:33:28","modified_gmt":"2014-01-26T07:33:28","slug":"strahan-17-18-1-2014","status":"publish","type":"post","link":"http:\/\/blog.katjaundwolfgang.de\/?p=466","title":{"rendered":"Strahan 17.\/18.1.2014"},"content":{"rendered":"<p>Da der Zugang zu den Cradle Mountain von Norden her sehr \u00fcberlaufen sein sollte, wie uns mehrere Wanderer berichtet haben, wurde kurzfristig umgeplant und wir sind an die Westk\u00fcste in den malerischen kleinen Ort Strahan gefahren. Dort haben wir uns zum ersten mal eine &#8222;Cabin&#8220; gemietet, im Prinzip eine H\u00fctte auf einem Campingplatz mit Bett, Klo, Dusche und voll eingerichteter K\u00fcche. Zwei Tage haben wir es uns gut gehen lassen, den Ort besichtigt, wobei es neben einer sch\u00f6nen Holzschnitzerei und dem Hafen nicht viel zu sehen gibt. Also ein Ort, der optimal ist, wenn man Ruhe sucht.<\/p>\n<div style=\"width: 510px\" class=\"wp-caption aligncenter\"><a href=\"http:\/\/blog.katjaundwolfgang.de\/wp-content\/uploads\/sites\/2\/2014\/01\/wpid-13907210535493.jpg\"><img decoding=\"async\" title=\"Strahan Hafen und Stadtzentrum\" class=\"aligncenter size-full\" alt=\"image\" src=\"http:\/\/blog.katjaundwolfgang.de\/wp-content\/uploads\/sites\/2\/2014\/01\/wpid-13907210535493.jpg?w=500\" \/><\/a><p class=\"wp-caption-text\">Strahan Hafen und Stadtzentrum<\/p><\/div>\n","protected":false},"excerpt":{"rendered":"<p>Da der Zugang zu den Cradle Mountain von Norden her sehr \u00fcberlaufen sein sollte, wie uns mehrere Wanderer berichtet haben, wurde kurzfristig umgeplant und wir sind an die Westk\u00fcste in den malerischen kleinen Ort Strahan gefahren. Dort haben wir uns &hellip; <a href=\"http:\/\/blog.katjaundwolfgang.de\/?p=466\">Weiterlesen <span class=\"meta-nav\">&rarr;<\/span><\/a><\/p>\n","protected":false},"author":1,"featured_media":0,"comment_status":"open","ping_status":"open","sticky":false,"template":"","format":"standard","meta":{"footnotes":""},"categories":[11],"tags":[],"_links":{"self":[{"href":"http:\/\/blog.katjaundwolfgang.de\/index.php?rest_route=\/wp\/v2\/posts\/466"}],"collection":[{"href":"http:\/\/blog.katjaundwolfgang.de\/index.php?rest_route=\/wp\/v2\/posts"}],"about":[{"href":"http:\/\/blog.katjaundwolfgang.de\/index.php?rest_route=\/wp\/v2\/types\/post"}],"author":[{"embeddable":true,"href":"http:\/\/blog.katjaundwolfgang.de\/index.php?rest_route=\/wp\/v2\/users\/1"}],"replies":[{"embeddable":true,"href":"http:\/\/blog.katjaundwolfgang.de\/index.php?rest_route=%2Fwp%2Fv2%2Fcomments&post=466"}],"version-history":[{"count":6,"href":"http:\/\/blog.katjaundwolfgang.de\/index.php?rest_route=\/wp\/v2\/posts\/466\/revisions"}],"predecessor-version":[{"id":500,"href":"http:\/\/blog.katjaundwolfgang.de\/index.php?rest_route=\/wp\/v2\/posts\/466\/revisions\/500"}],"wp:attachment":[{"href":"http:\/\/blog.katjaundwolfgang.de\/index.php?rest_route=%2Fwp%2Fv2%2Fmedia&parent=466"}],"wp:term":[{"taxonomy":"category","embeddable":true,"href":"http:\/\/blog.katjaundwolfgang.de\/index.php?rest_route=%2Fwp%2Fv2%2Fcategories&post=466"},{"taxonomy":"post_tag","embeddable":true,"href":"http:\/\/blog.katjaundwolfgang.de\/index.php?rest_route=%2Fwp%2Fv2%2Ftags&post=466"}],"curies":[{"name":"wp","href":"https:\/\/api.w.org\/{rel}","templated":true}]}}