{"id":55,"date":"2013-09-16T11:03:52","date_gmt":"2013-09-16T09:03:52","guid":{"rendered":"http:\/\/blog.katjaundwolfgang.de\/?p=55"},"modified":"2013-09-16T11:09:15","modified_gmt":"2013-09-16T09:09:15","slug":"buerokratie","status":"publish","type":"post","link":"http:\/\/blog.katjaundwolfgang.de\/?p=55","title":{"rendered":"B\u00fcrokratie"},"content":{"rendered":"<p>Da wir, wie wohl die meisten, keine genaue Ahnung hatten wie das mit Arbeitsamt und Krankenkasse l\u00e4uft, und wir zum Teil eher unterschiedliches gelesen hatten, hier mal unsere Erfahrung:<br \/>\nArbeitsamt:<br \/>\nAlles halb so wild, zumindest bei uns. Ich habe mich pers\u00f6nlich arbeitssuchend gemeldet, Wolfgang \u00fcber das Internetportal. Wir haben gleich von Anfang an mit offenen Karten gespielt und gesagt das wir eine Weltreise vorhaben und uns nur den Anspruch auf das ALG 1 sichern wollen. Denn wenn man wenigstens f\u00fcr einen Tag arbeitslos ist, mit allen Anspr\u00fcchen, und sich am n\u00e4chsten Tag wieder abmeldet, hat man sich diese Anspr\u00fcche f\u00fcr 4 Jahre gesichert. Das muss man erstmal wissen. Aber zum Gl\u00fcck gibt es ja das Internet und viele hilfreiche Seiten wie Weltreise-info.de.<br \/>\nAlles weitere war dann auch kein Problem. Alle Unterlagen zusammen gesucht (auf die Arbeitsbescheinigung muss man halt warten), einen Termin beim Arbeitsamt ausgemacht, da wurde alles \u00fcberpr\u00fcft und dann hab ich auch gleich meine Abwesenheit ab dem soundsovielten gemeldet, fertig \ud83d\ude42<\/p>\n<p>Krankenkasse (freiwillig gesetzlich):<br \/>\nAuch hier hatten wir uns das schwieriger vorgestellt. Eine Email, 2 Telefonate, ob man auch wirklich alles richtig verstanden hatte, und ein K\u00fcndigungsschreiben, das war&#8217;s. Im Endeffekt mussten wir also nur unsere Mitgliedschaft rechtzeitig (2 Monate) k\u00fcndigen und sowie wir eine Auslandskrankenversicherung haben, die Best\u00e4tigung an unsere Krankenkasse schicken, das wir uns auch ordentlich versichert haben.<\/p>\n<p>Viel schwieriger gestaltet sich der Hausverkauf. Da wir nicht damit gerechnet haben das Notar, Bank und Grundbuchamt sooo langsam sind. Es wird sich wohl erst noch zeigen ob wir wie geplant Ende Oktober starten k\u00f6nnen oder ob es sp\u00e4ter wird. Aber zum Gl\u00fcck haben wir noch keine Flugtickets gebucht, so das es zwar grade etwas \u00e4rgerlich ist aber nicht wirklich schlimm.<\/p>\n<p>Und noch eine kleine Anekdote: K\u00fcndigung oder \u00dcbernahme einer Versicherung zur betrieblichen Altersvorsorge die ich w\u00e4hrend meiner Arbeitszeit bei Siemens abgeschlossen hatte. Diese wollte ich im M\u00e4rz schon k\u00fcndigen, was nicht ging, da ja Siemens der Versicherungsnehmer ist. Soweit klar. Nachdem ich ausgeschieden war, habe ich nochmals bei der Versicherung angefragt. Die Auskunft: Siemens ist immer noch Versicherungsnehmer, ich soll mir die K\u00fcndigung von der Personalabteilung unterschreiben lassen. Also gut, daraufhin also einen Brief an die Perso geschrieben, mit der Bitte diese zu unterschreiben. Als Antwort kam, das ich nicht k\u00fcndigen kann, liegt wohl an dem Tarif, ich aber gerne auf den Intranetseiten meine Beitr\u00e4ge auf 0 setzen kann. \u00c4\u00e4hhh, wie bitte soll ich darauf kommen, wenn ich doch gar nicht mehr bei Siemens arbeite. Also da angerufen. Nach einem 10 min\u00fctigen Gespr\u00e4ch indem mir erkl\u00e4rt wurde das ich das ja auch in Papierform machen kann, erlaubte ich mir die Frage zu stellen, ob ich den jetzt jedesmal, wenn ich meine Beitr\u00e4ge \u00e4ndern m\u00f6chte, das nur \u00fcber Siemens machen kann und ob ich nicht die Versicherung \u00fcbernehmen k\u00f6nnte. Antwort: das geht nur wenn sie nicht mehr bei Siemens arbeiten. ?!?!?!?<br \/>\nOk, wir haben es jetzt gekl\u00e4rt, aber vielleicht sollte ich mal schauen ob es noch Gehalt gibt \ud83d\ude42<\/p>\n","protected":false},"excerpt":{"rendered":"<p>Da wir, wie wohl die meisten, keine genaue Ahnung hatten wie das mit Arbeitsamt und Krankenkasse l\u00e4uft, und wir zum Teil eher unterschiedliches gelesen hatten, hier mal unsere Erfahrung: Arbeitsamt: Alles halb so wild, zumindest bei uns. Ich habe mich &hellip; <a href=\"http:\/\/blog.katjaundwolfgang.de\/?p=55\">Weiterlesen <span class=\"meta-nav\">&rarr;<\/span><\/a><\/p>\n","protected":false},"author":3,"featured_media":0,"comment_status":"open","ping_status":"open","sticky":false,"template":"","format":"standard","meta":{"footnotes":""},"categories":[2],"tags":[],"_links":{"self":[{"href":"http:\/\/blog.katjaundwolfgang.de\/index.php?rest_route=\/wp\/v2\/posts\/55"}],"collection":[{"href":"http:\/\/blog.katjaundwolfgang.de\/index.php?rest_route=\/wp\/v2\/posts"}],"about":[{"href":"http:\/\/blog.katjaundwolfgang.de\/index.php?rest_route=\/wp\/v2\/types\/post"}],"author":[{"embeddable":true,"href":"http:\/\/blog.katjaundwolfgang.de\/index.php?rest_route=\/wp\/v2\/users\/3"}],"replies":[{"embeddable":true,"href":"http:\/\/blog.katjaundwolfgang.de\/index.php?rest_route=%2Fwp%2Fv2%2Fcomments&post=55"}],"version-history":[{"count":1,"href":"http:\/\/blog.katjaundwolfgang.de\/index.php?rest_route=\/wp\/v2\/posts\/55\/revisions"}],"predecessor-version":[{"id":56,"href":"http:\/\/blog.katjaundwolfgang.de\/index.php?rest_route=\/wp\/v2\/posts\/55\/revisions\/56"}],"wp:attachment":[{"href":"http:\/\/blog.katjaundwolfgang.de\/index.php?rest_route=%2Fwp%2Fv2%2Fmedia&parent=55"}],"wp:term":[{"taxonomy":"category","embeddable":true,"href":"http:\/\/blog.katjaundwolfgang.de\/index.php?rest_route=%2Fwp%2Fv2%2Fcategories&post=55"},{"taxonomy":"post_tag","embeddable":true,"href":"http:\/\/blog.katjaundwolfgang.de\/index.php?rest_route=%2Fwp%2Fv2%2Ftags&post=55"}],"curies":[{"name":"wp","href":"https:\/\/api.w.org\/{rel}","templated":true}]}}