{"id":64,"date":"2013-10-07T19:17:41","date_gmt":"2013-10-07T17:17:41","guid":{"rendered":"http:\/\/blog.katjaundwolfgang.de\/?p=64"},"modified":"2013-10-08T16:28:50","modified_gmt":"2013-10-08T14:28:50","slug":"der-erste-packversuch","status":"publish","type":"post","link":"http:\/\/blog.katjaundwolfgang.de\/?p=64","title":{"rendered":"Der erste Packversuch&#8230;"},"content":{"rendered":"<p>&#8230; und die Erkenntnis das ein 30l Rucksack zum bergsteigen ausreicht aber nicht f\u00fcr eine Weltreise, bei der auch mehrt\u00e4gige Trekkingtouren im Himalaya, den Anden, Kanada und Neuseeland geplant sind, und daher auch ein warmer Schlafsack und ein Zelt samt Kochgeschirr mit muss \ud83d\ude42<\/p>\n<p>Aber immerhin hat alles was hier zu sehen ist, au\u00dfer den Wanderstiefeln, in den Rucksack gepasst. Der Schlafsack ist sch\u00f6n klein komprimiert worden&#8230; Aber f\u00fcrs Zelt und Isomatte reichen 30l definitiv nicht.<\/p>\n<p><a href=\"http:\/\/blog.katjaundwolfgang.de\/wp-content\/uploads\/sites\/2\/2013\/10\/wpid-P_20131007_132404.jpg\"><img decoding=\"async\" class=\"alignnone size-full\" title=\"P_20131007_132404.jpg\" alt=\"image\" src=\"http:\/\/blog.katjaundwolfgang.de\/wp-content\/uploads\/sites\/2\/2013\/10\/wpid-P_20131007_132404.jpg\" \/><\/a><\/p>\n","protected":false},"excerpt":{"rendered":"<p>&#8230; und die Erkenntnis das ein 30l Rucksack zum bergsteigen ausreicht aber nicht f\u00fcr eine Weltreise, bei der auch mehrt\u00e4gige Trekkingtouren im Himalaya, den Anden, Kanada und Neuseeland geplant sind, und daher auch ein warmer Schlafsack und ein Zelt samt &hellip; <a href=\"http:\/\/blog.katjaundwolfgang.de\/?p=64\">Weiterlesen <span class=\"meta-nav\">&rarr;<\/span><\/a><\/p>\n","protected":false},"author":3,"featured_media":0,"comment_status":"open","ping_status":"open","sticky":false,"template":"","format":"standard","meta":{"footnotes":""},"categories":[2],"tags":[],"_links":{"self":[{"href":"http:\/\/blog.katjaundwolfgang.de\/index.php?rest_route=\/wp\/v2\/posts\/64"}],"collection":[{"href":"http:\/\/blog.katjaundwolfgang.de\/index.php?rest_route=\/wp\/v2\/posts"}],"about":[{"href":"http:\/\/blog.katjaundwolfgang.de\/index.php?rest_route=\/wp\/v2\/types\/post"}],"author":[{"embeddable":true,"href":"http:\/\/blog.katjaundwolfgang.de\/index.php?rest_route=\/wp\/v2\/users\/3"}],"replies":[{"embeddable":true,"href":"http:\/\/blog.katjaundwolfgang.de\/index.php?rest_route=%2Fwp%2Fv2%2Fcomments&post=64"}],"version-history":[{"count":2,"href":"http:\/\/blog.katjaundwolfgang.de\/index.php?rest_route=\/wp\/v2\/posts\/64\/revisions"}],"predecessor-version":[{"id":66,"href":"http:\/\/blog.katjaundwolfgang.de\/index.php?rest_route=\/wp\/v2\/posts\/64\/revisions\/66"}],"wp:attachment":[{"href":"http:\/\/blog.katjaundwolfgang.de\/index.php?rest_route=%2Fwp%2Fv2%2Fmedia&parent=64"}],"wp:term":[{"taxonomy":"category","embeddable":true,"href":"http:\/\/blog.katjaundwolfgang.de\/index.php?rest_route=%2Fwp%2Fv2%2Fcategories&post=64"},{"taxonomy":"post_tag","embeddable":true,"href":"http:\/\/blog.katjaundwolfgang.de\/index.php?rest_route=%2Fwp%2Fv2%2Ftags&post=64"}],"curies":[{"name":"wp","href":"https:\/\/api.w.org\/{rel}","templated":true}]}}