{"id":665,"date":"2014-02-24T01:52:55","date_gmt":"2014-02-24T00:52:55","guid":{"rendered":"http:\/\/blog.katjaundwolfgang.de\/?p=665"},"modified":"2024-01-09T09:34:11","modified_gmt":"2024-01-09T08:34:11","slug":"new-plymouth-20-bis-22-2","status":"publish","type":"post","link":"http:\/\/blog.katjaundwolfgang.de\/?p=665","title":{"rendered":"New Plymouth 20. bis 22.2."},"content":{"rendered":"<p>New Plymouth als Zwischenstation hatten wir ausgew\u00e4hlt, da der Mount Taranaki schnell zu erreichen ist.<br \/>\n<div style=\"width: 510px\" class=\"wp-caption aligncenter\"><a href=\"http:\/\/blog.katjaundwolfgang.de\/wp-content\/uploads\/sites\/2\/2014\/02\/wpid-13931868669626.jpg\"><img decoding=\"async\" title=\"New Plymouth\" class=\"aligncenter size-full\" alt=\"image\" src=\"http:\/\/blog.katjaundwolfgang.de\/wp-content\/uploads\/sites\/2\/2014\/02\/wpid-13931868669626.jpg?w=500\" \/><\/a><p class=\"wp-caption-text\">New Plymouth<\/p><\/div> <\/p>\n<p>Die Tour auf den Gipfel und wieder zur\u00fcck sollte laut Beschreibung 8 bis 10 Stunden dauern, so dass wir bereits um 5:30 Uhr aufgestanden sind und um 7:20 Uhr die Tour starten zu k\u00f6nnen. Anfangs war alles noch ganz einfach, mit geteerten Wegen und Holztreppen, aber nach Ca. 2 Stunden ging es dann auf feink\u00f6rnigem Ger\u00f6ll weiter um schlussendlich in einem gekracksel \u00fcber grosse Steine zu enden. Wir waren zwischenzeitlich am \u00fcberlegen umzukehren, haben uns dann doch durchgerungen bis nach oben zu steigen. Leider war die Aussicht nicht die beste, wir haben nur Wolken gesehen. Die Tour war wirklich ziemlich anstrengend und beim Abstieg haben uns die Knie weh getan und die Muskeln waren etwas m\u00fcde :-).<br \/>\n<div style=\"width: 510px\" class=\"wp-caption aligncenter\"><a href=\"http:\/\/blog.katjaundwolfgang.de\/wp-content\/uploads\/sites\/2\/2014\/02\/wpid-13931869409137.jpg\"><img decoding=\"async\" title=\"Mount Taranaki, 2548m\" class=\"aligncenter size-full\" alt=\"image\" src=\"http:\/\/blog.katjaundwolfgang.de\/wp-content\/uploads\/sites\/2\/2014\/02\/wpid-13931869409137.jpg?w=500\" \/><\/a><p class=\"wp-caption-text\">Mount Taranaki, 2548m<\/p><\/div><br \/>\n<div style=\"width: 510px\" class=\"wp-caption aligncenter\"><a href=\"http:\/\/blog.katjaundwolfgang.de\/wp-content\/uploads\/sites\/2\/2014\/02\/wpid-13931870438378.jpg\"><img decoding=\"async\" title=\"Mount Taranaki und der vor uns liegende Weg\" class=\"aligncenter size-full\" alt=\"image\" src=\"http:\/\/blog.katjaundwolfgang.de\/wp-content\/uploads\/sites\/2\/2014\/02\/wpid-13931870438378.jpg?w=500\" \/><\/a><p class=\"wp-caption-text\">Mount Taranaki und der vor uns liegende Weg<\/p><\/div><br \/>\n<div style=\"width: 510px\" class=\"wp-caption aligncenter\"><a href=\"http:\/\/blog.katjaundwolfgang.de\/wp-content\/uploads\/sites\/2\/2014\/02\/wpid-13931871099670.jpg\"><img decoding=\"async\" title=\"\u00dcber den Wolken\" class=\"aligncenter size-full\" alt=\"image\" src=\"http:\/\/blog.katjaundwolfgang.de\/wp-content\/uploads\/sites\/2\/2014\/02\/wpid-13931871099670.jpg?w=500\" \/><\/a><p class=\"wp-caption-text\">\u00dcber den Wolken<\/p><\/div><br \/>\n<div style=\"width: 290px\" class=\"wp-caption aligncenter\"><a href=\"http:\/\/blog.katjaundwolfgang.de\/wp-content\/uploads\/sites\/2\/2014\/02\/wpid-13931871404551.jpg\"><img decoding=\"async\" title=\"Henry N. Brown hat es fast geschafft\" class=\"aligncenter size-full\" alt=\"image\" src=\"http:\/\/blog.katjaundwolfgang.de\/wp-content\/uploads\/sites\/2\/2014\/02\/wpid-13931871404551.jpg?w=280\" \/><\/a><p class=\"wp-caption-text\">Henry N. Brown hat es fast geschafft<\/p><\/div><br \/>\n<div style=\"width: 510px\" class=\"wp-caption aligncenter\"><a href=\"http:\/\/blog.katjaundwolfgang.de\/wp-content\/uploads\/sites\/2\/2014\/02\/wpid-13931871760412.jpg\"><img decoding=\"async\" title=\"Katja hat noch Reserven, die f\u00fcr den Abstieg bitter n\u00f6tig waren\" class=\"aligncenter size-full\" alt=\"image\" src=\"http:\/\/blog.katjaundwolfgang.de\/wp-content\/uploads\/sites\/2\/2014\/02\/wpid-13931871760412.jpg?w=500\" \/><\/a><p class=\"wp-caption-text\">Katja hat noch Reserven, die f\u00fcr den Abstieg bitter n\u00f6tig waren<\/p><\/div><br \/>\n<div style=\"width: 510px\" class=\"wp-caption aligncenter\"><a href=\"http:\/\/blog.katjaundwolfgang.de\/wp-content\/uploads\/sites\/2\/2014\/02\/wpid-13931873248573.jpg\"><img decoding=\"async\" title=\"Leider haben wir nur Wolken zu sehen bekommen\" class=\"aligncenter size-full\" alt=\"image\" src=\"http:\/\/blog.katjaundwolfgang.de\/wp-content\/uploads\/sites\/2\/2014\/02\/wpid-13931873248573.jpg?w=500\" \/><\/a><p class=\"wp-caption-text\">Leider haben wir nur Wolken zu sehen bekommen<\/p><\/div><br \/>\n<div style=\"width: 510px\" class=\"wp-caption aligncenter\"><a href=\"http:\/\/blog.katjaundwolfgang.de\/wp-content\/uploads\/sites\/2\/2014\/02\/wpid-13931874133354.jpg\"><img decoding=\"async\" title=\"Und nochmal Wolken, die waren aber wirklich beeindruckend\" class=\"aligncenter size-full\" alt=\"image\" src=\"http:\/\/blog.katjaundwolfgang.de\/wp-content\/uploads\/sites\/2\/2014\/02\/wpid-13931874133354.jpg?w=500\" \/><\/a><p class=\"wp-caption-text\">Und nochmal Wolken, die waren aber wirklich beeindruckend<\/p><\/div><br \/>\n<div style=\"width: 290px\" class=\"wp-caption aligncenter\"><a href=\"http:\/\/blog.katjaundwolfgang.de\/wp-content\/uploads\/sites\/2\/2014\/02\/wpid-13931874719295.jpg\"><img decoding=\"async\" title=\"Geschafft :-)\" class=\"aligncenter size-full\" alt=\"image\" src=\"http:\/\/blog.katjaundwolfgang.de\/wp-content\/uploads\/sites\/2\/2014\/02\/wpid-13931874719295.jpg?w=280\" \/><\/a><p class=\"wp-caption-text\">Geschafft \ud83d\ude42<\/p><\/div><br \/>\n<div style=\"width: 510px\" class=\"wp-caption aligncenter\"><a href=\"http:\/\/blog.katjaundwolfgang.de\/wp-content\/uploads\/sites\/2\/2014\/02\/wpid-13931875078316.jpg\"><img decoding=\"async\" title=\"Der Krater am Gipfel ist das ganze Jahr mit Schnee gef\u00fcllt\" class=\"aligncenter size-full\" alt=\"image\" src=\"http:\/\/blog.katjaundwolfgang.de\/wp-content\/uploads\/sites\/2\/2014\/02\/wpid-13931875078316.jpg?w=500\" \/><\/a><p class=\"wp-caption-text\">Der Krater am Gipfel ist das ganze Jahr mit Schnee gef\u00fcllt<\/p><\/div><br \/>\n<div style=\"width: 290px\" class=\"wp-caption aligncenter\"><a href=\"http:\/\/blog.katjaundwolfgang.de\/wp-content\/uploads\/sites\/2\/2014\/02\/wpid-13931875513017.jpg\"><img decoding=\"async\" title=\"Zuletzt ist der Mount Taranaki 1755 ausgebrochen, also kein Grund zur Sorge\" class=\"alignnone size-full\" alt=\"image\" src=\"http:\/\/blog.katjaundwolfgang.de\/wp-content\/uploads\/sites\/2\/2014\/02\/wpid-13931875513017.jpg?w=280\" \/><\/a><p class=\"wp-caption-text\">Zuletzt ist der Mount Taranaki 1755 ausgebrochen, also kein Grund zur Sorge<\/p><\/div> <\/p>\n<p>Da wir vom Vortag noch ziemlich fix und alle waren, stand heute der Besuch eines der angepriesenen G\u00e4rten auf dem Programm. Wir haben uns f\u00fcr den Pukaiti Garten entschieden, da uns dieser als sehr urspr\u00fcnglich erschien. Etwas ausserhalb von New Plymouth gelegen, war der Garten nicht so einfach zu finden. Es stand dann auch nur ein Auto auf dem Parkplatz, scheinbar geh\u00f6ren G\u00e4rten nicht zu den Top Attraktionen :-). Der Garten selbst ist eigentlich nicht als solcher zu bezeichnen. Das Gel\u00e4nde umfasst 350 Hektar (habe mich nicht verschrieben) und ist zum Gro\u00dfteil Regen- bzw. Urwald. Der eigentliche als Garten angelegte Teil ist mit 500 Rododendron Arten bepflanzt, die leider zurzeit nicht bl\u00fchen.<br \/>\n<div style=\"width: 290px\" class=\"wp-caption aligncenter\"><a href=\"http:\/\/blog.katjaundwolfgang.de\/wp-content\/uploads\/sites\/2\/2014\/02\/wpid-13931876348828.jpg\"><img decoding=\"async\" title=\"Der sogenannte Garten\" class=\"aligncenter size-full\" alt=\"image\" src=\"http:\/\/blog.katjaundwolfgang.de\/wp-content\/uploads\/sites\/2\/2014\/02\/wpid-13931876348828.jpg?w=280\" \/><\/a><p class=\"wp-caption-text\">Der sogenannte Garten<\/p><\/div><br \/>\n<div style=\"width: 290px\" class=\"wp-caption aligncenter\"><a href=\"http:\/\/blog.katjaundwolfgang.de\/wp-content\/uploads\/sites\/2\/2014\/02\/wpid-13931876905610.jpg\"><img decoding=\"async\" title=\"Einer der zahlreichen Wege\" class=\"aligncenter size-full\" alt=\"image\" src=\"http:\/\/blog.katjaundwolfgang.de\/wp-content\/uploads\/sites\/2\/2014\/02\/wpid-13931876905610.jpg?w=280\" \/><\/a><p class=\"wp-caption-text\">Einer der zahlreichen Wege<\/p><\/div><br \/>\n<div style=\"width: 290px\" class=\"wp-caption aligncenter\"><a href=\"http:\/\/blog.katjaundwolfgang.de\/wp-content\/uploads\/sites\/2\/2014\/02\/wpid-13931877838111.jpg\"><img decoding=\"async\" title=\"Ein uralter wundersch\u00f6ner Baum\" class=\"aligncenter size-full\" alt=\"image\" src=\"http:\/\/blog.katjaundwolfgang.de\/wp-content\/uploads\/sites\/2\/2014\/02\/wpid-13931877838111.jpg?w=280\" \/><\/a><p class=\"wp-caption-text\">Ein uralter wundersch\u00f6ner Baum<\/p><\/div><br \/>\n<div style=\"width: 510px\" class=\"wp-caption aligncenter\"><a href=\"http:\/\/blog.katjaundwolfgang.de\/wp-content\/uploads\/sites\/2\/2014\/02\/wpid-13931878331572.jpg\"><img decoding=\"async\" title=\"Hier sieht es eher aus wie ein Garten\" class=\"aligncenter size-full\" alt=\"image\" src=\"http:\/\/blog.katjaundwolfgang.de\/wp-content\/uploads\/sites\/2\/2014\/02\/wpid-13931878331572.jpg?w=500\" \/><\/a><p class=\"wp-caption-text\">Hier sieht es eher aus wie ein Garten<\/p><\/div><\/p>\n","protected":false},"excerpt":{"rendered":"<p>New Plymouth als Zwischenstation hatten wir ausgew\u00e4hlt, da der Mount Taranaki schnell zu erreichen ist. Die Tour auf den Gipfel und wieder zur\u00fcck sollte laut Beschreibung 8 bis 10 Stunden dauern, so dass wir bereits um 5:30 Uhr aufgestanden sind &hellip; <a href=\"http:\/\/blog.katjaundwolfgang.de\/?p=665\">Weiterlesen <span class=\"meta-nav\">&rarr;<\/span><\/a><\/p>\n","protected":false},"author":1,"featured_media":0,"comment_status":"closed","ping_status":"open","sticky":false,"template":"","format":"standard","meta":{"footnotes":""},"categories":[12],"tags":[],"_links":{"self":[{"href":"http:\/\/blog.katjaundwolfgang.de\/index.php?rest_route=\/wp\/v2\/posts\/665"}],"collection":[{"href":"http:\/\/blog.katjaundwolfgang.de\/index.php?rest_route=\/wp\/v2\/posts"}],"about":[{"href":"http:\/\/blog.katjaundwolfgang.de\/index.php?rest_route=\/wp\/v2\/types\/post"}],"author":[{"embeddable":true,"href":"http:\/\/blog.katjaundwolfgang.de\/index.php?rest_route=\/wp\/v2\/users\/1"}],"replies":[{"embeddable":true,"href":"http:\/\/blog.katjaundwolfgang.de\/index.php?rest_route=%2Fwp%2Fv2%2Fcomments&post=665"}],"version-history":[{"count":9,"href":"http:\/\/blog.katjaundwolfgang.de\/index.php?rest_route=\/wp\/v2\/posts\/665\/revisions"}],"predecessor-version":[{"id":678,"href":"http:\/\/blog.katjaundwolfgang.de\/index.php?rest_route=\/wp\/v2\/posts\/665\/revisions\/678"}],"wp:attachment":[{"href":"http:\/\/blog.katjaundwolfgang.de\/index.php?rest_route=%2Fwp%2Fv2%2Fmedia&parent=665"}],"wp:term":[{"taxonomy":"category","embeddable":true,"href":"http:\/\/blog.katjaundwolfgang.de\/index.php?rest_route=%2Fwp%2Fv2%2Fcategories&post=665"},{"taxonomy":"post_tag","embeddable":true,"href":"http:\/\/blog.katjaundwolfgang.de\/index.php?rest_route=%2Fwp%2Fv2%2Ftags&post=665"}],"curies":[{"name":"wp","href":"https:\/\/api.w.org\/{rel}","templated":true}]}}