{"id":918,"date":"2014-08-01T15:56:39","date_gmt":"2014-08-01T13:56:39","guid":{"rendered":"http:\/\/blog.katjaundwolfgang.de\/?p=918"},"modified":"2024-01-09T09:34:09","modified_gmt":"2024-01-09T08:34:09","slug":"bayerischer-wald-1-6-7-14","status":"publish","type":"post","link":"http:\/\/blog.katjaundwolfgang.de\/?p=918","title":{"rendered":"Bayerischer Wald, 1.-6.7.14"},"content":{"rendered":"<p>Nun sind wir ja schon wieder l\u00e4ngere Zeit in Deutschland. Die geplante Pause von 2-3 Wochen hat sich leider etwas verl\u00e4ngert. Ja, auch wir werden \u00e4lter und die ersten Verschlei\u00dferscheinungen beginnen :-). Wolfgang hatte eine Kalkschulter und bis das v\u00f6llig ausgeheilt ist dauert, vorher macht es aber keinen Sinn weiter zu fliegen. Damit wir nun nicht v\u00f6llig aus der \u00dcbung kommen, und ihr mal wieder was zu lesen bekommt, haben wir beschlossen 1 Woche im bayerischen Wald zu verbringen. Und irgendwie geh\u00f6rt ja Deutschland auch zur Welt, also warum auf einer Weltreise nicht auch ein bisschen was von Deutschland angucken.<\/p>\n<p>Zuerst hatten wir \u00fcberlegt den Goldsteig zu laufen, da der komplette Weg aber 660 km lang ist war uns das nun doch ein bisschen zuviel, zudem war gerade WM und wir h\u00e4tten darauf achten m\u00fcssen immer eine Unterkunft mit Fernseher zu finden ;-). Also haben wir uns entschlossen einen festen St\u00fctzpunkt in Bodenmais zu nehmen und von da aus Tagestouren zu wandern, die zum Gro\u00dfteil dann auch auf dem Goldsteig verliefen.<\/p>\n<p>So sind wir \u00fcber die Ri\u00dflochf\u00e4lle zum gro\u00dfen Arber gewandert, haben den gro\u00dfen Falkenstein bestiegen, haben Luchse und Wildkatzen im Nationalpark gesucht, leider nicht gefunden, und haben uns an einem Tag v\u00f6llig in der Zeit versch\u00e4tzt. Der Weg war n\u00e4mlich gepflastert mit Blaubeerb\u00fcschen und so haben wir statt der geplanten 6 h ganze 9 h f\u00fcr die Wanderung gebraucht. Und bevor mir jetzt irgendjemand mit Fuchsbandwurm kommt, ich kenne niemanden der jemals einen hatte oder der jemanden kennt der einen hatte. Das ist bestimmt alles nur ein gro\u00dfer Marketingstreich gewesen um gez\u00fcchtete Blaubeeren im Supermarkt teuer zu verkaufen. Uns geht es auf jeden Fall immer noch gut abgesehen von einer kurzfristigen Blauf\u00e4rbung gewisser K\u00f6rperteile \ud83d\ude42<\/p>\n<div style=\"width: 510px\" class=\"wp-caption aligncenter\"><a href=\"http:\/\/blog.katjaundwolfgang.de\/wp-content\/uploads\/sites\/2\/2014\/08\/P1050406_blog.jpg\"><img loading=\"lazy\" decoding=\"async\" class=\" \" title=\"Ein Teil der Risslochf\u00e4lle\" alt=\"Ein Teil der Risslochf\u00e4lle\" src=\"http:\/\/blog.katjaundwolfgang.de\/wp-content\/uploads\/sites\/2\/2014\/08\/P1050406_blog.jpg?w=794\" width=\"500\" height=\"280\" \/><\/a><p class=\"wp-caption-text\">Ein Teil der Risslochf\u00e4lle<a style=\"font-weight: bold; font-size: 12px;\" href=\"http:\/\/blog.katjaundwolfgang.de\/wp-content\/uploads\/sites\/2\/2014\/08\/P1050414_blog.jpg\"><img loading=\"lazy\" decoding=\"async\" class=\" \" title=\"Blumenwiese\" alt=\"Blumenwiese\" src=\"http:\/\/blog.katjaundwolfgang.de\/wp-content\/uploads\/sites\/2\/2014\/08\/P1050414_blog.jpg?w=794\" width=\"500\" height=\"280\" \/><\/a>Blumenwiese<a style=\"font-weight: bold; font-size: 12px;\" href=\"http:\/\/blog.katjaundwolfgang.de\/wp-content\/uploads\/sites\/2\/2014\/08\/P1050423_blog.jpg\"><img loading=\"lazy\" decoding=\"async\" class=\" \" title=\"Blaubeeren \u00fcber Blaubeeren\" alt=\"Blaubeeren \u00fcber Blaubeeren\" src=\"http:\/\/blog.katjaundwolfgang.de\/wp-content\/uploads\/sites\/2\/2014\/08\/P1050423_blog.jpg?w=794\" width=\"500\" height=\"280\" \/><\/a>Blaubeeren \u00fcber Blaubeeren<a style=\"font-weight: bold; font-size: 12px;\" href=\"http:\/\/blog.katjaundwolfgang.de\/wp-content\/uploads\/sites\/2\/2014\/08\/P1050499_blog.jpg\"><img loading=\"lazy\" decoding=\"async\" class=\" \" title=\"B\u00e4r und Beere :-)\" alt=\"B\u00e4r und Beere :-)\" src=\"http:\/\/blog.katjaundwolfgang.de\/wp-content\/uploads\/sites\/2\/2014\/08\/P1050499_blog.jpg?w=794\" width=\"500\" height=\"280\" \/><\/a>B\u00e4r und Beere \ud83d\ude42<\/p><\/div>\n<p>Auf den Wanderwegen waren wir oftmals die einzigen und so konnten wir die Stille im Bayerischen Wald richtig genie\u00dfen. Es war schon erstaunlich das wir dort weniger Menschen getroffen haben als auf den Wanderwegen in Neuseeland. Was aber ein bisschen traurig stimmt ist das Ausma\u00df der Zerst\u00f6rung des Waldes. Mehrere Orkane, hauts\u00e4chlich Wiebke und Kyrill, sowie der Borkenk\u00e4fer haben hier grossfl\u00e4chig die B\u00e4ume zerst\u00f6rt. Sicherlich ist der Mensch hier aber nicht ganz unschuldig. Gesunde B\u00e4ume w\u00e4ren vermutlich nicht so sehr betroffen gewesen.<\/p>\n<div style=\"width: 510px\" class=\"wp-caption aligncenter\"><a href=\"http:\/\/blog.katjaundwolfgang.de\/wp-content\/uploads\/sites\/2\/2014\/08\/P1050458_blog.jpg\"><img loading=\"lazy\" decoding=\"async\" class=\" \" title=\"Kyrill hat ganze Arbeit geleistet\" alt=\"Kyrill hat ganze Arbeit geleistet\" src=\"http:\/\/blog.katjaundwolfgang.de\/wp-content\/uploads\/sites\/2\/2014\/08\/P1050458_blog.jpg?w=794\" width=\"500\" height=\"280\" \/><\/a><p class=\"wp-caption-text\">Kyrill hat ganze Arbeit geleistet<a style=\"font-weight: bold; font-size: 12px;\" href=\"http:\/\/blog.katjaundwolfgang.de\/wp-content\/uploads\/sites\/2\/2014\/08\/P1050475_blog.jpg\"><img loading=\"lazy\" decoding=\"async\" class=\" \" title=\"Und der Borkenk\u00e4fer hat den Rest erledigt. Wahnsinn wieviel Wald hier kaputt ist.\" alt=\"Und der Borkenk\u00e4fer hat den Rest erledigt. Wahnsinn wieviel Wald hier kaputt ist.\" src=\"http:\/\/blog.katjaundwolfgang.de\/wp-content\/uploads\/sites\/2\/2014\/08\/P1050475_blog.jpg?w=794\" width=\"500\" height=\"280\" \/><\/a>Und der Borkenk\u00e4fer hat den Rest erledigt. Wahnsinn wieviel Wald hier kaputt ist.<\/p><\/div>\n<p>Auf einer Wanderung haben wir die tschechische Grenze \u00fcberquert und k\u00f6nnen somit auch behaupten das wir wenigstens mal kurz in der Tschechei waren. Witziger weise haben wir wirklich 2 Meter hinter der Grenze die Wanderschilder nicht mehr verstanden.<\/p>\n<div style=\"width: 510px\" class=\"wp-caption aligncenter\"><a href=\"http:\/\/blog.katjaundwolfgang.de\/wp-content\/uploads\/sites\/2\/2014\/08\/P1050483_blog.jpg\"><img loading=\"lazy\" decoding=\"async\" class=\" \" title=\"??? Ok, irgendwas ist hier verboten aber mehr haben wir nicht verstanden.\" alt=\"??? Ok, irgendwas ist hier verboten aber mehr haben wir nicht verstanden.\" src=\"http:\/\/blog.katjaundwolfgang.de\/wp-content\/uploads\/sites\/2\/2014\/08\/P1050483_blog.jpg?w=794\" width=\"500\" height=\"280\" \/><\/a><p class=\"wp-caption-text\">??? Ok, irgendwas ist hier verboten aber mehr haben wir nicht verstanden.<a style=\"font-weight: bold; font-size: 12px;\" href=\"http:\/\/blog.katjaundwolfgang.de\/wp-content\/uploads\/sites\/2\/2014\/08\/P1050485_blog.jpg\"><img loading=\"lazy\" decoding=\"async\" class=\" \" title=\"Henry wollte lieber in Deutschland bleiben. Nicht das wir noch einem richtigen B\u00e4ren begegnen :-)\" alt=\"Henry wollte lieber in Deutschland bleiben. Nicht das wir noch einem richtigen B\u00e4ren begegnen :-)\" src=\"http:\/\/blog.katjaundwolfgang.de\/wp-content\/uploads\/sites\/2\/2014\/08\/P1050485_blog.jpg?w=1984\" width=\"500\" height=\"280\" \/><\/a>Henry wollte lieber in Deutschland bleiben. Nicht das wir noch einem richtigen B\u00e4ren begegnen \ud83d\ude42<\/p><\/div>\n<p>Fazit: eine sehr sch\u00f6ne Gegend in der man wundersch\u00f6ne, lange und zum Teil auch anspruchsvolle Wanderungen machen kann ohne viele Menschen zu treffen. (Ausnahme ist nat\u00fcrlich der gro\u00dfe Arber, da f\u00e4hrt aber auch eine Seilbahn hoch.) Manche Gegenden haben uns an Tasmanien, Neuseeland und sogar ein wenig an Kambodscha erinnert.<\/p>\n<div style=\"width: 510px\" class=\"wp-caption aligncenter\"><a href=\"http:\/\/blog.katjaundwolfgang.de\/wp-content\/uploads\/sites\/2\/2014\/08\/P1050440_blog.jpg\"><img loading=\"lazy\" decoding=\"async\" class=\" \" title=\"D\u00e9j\u00e0-vu? \" alt=\"D\u00e9j\u00e0-vu? \" src=\"http:\/\/blog.katjaundwolfgang.de\/wp-content\/uploads\/sites\/2\/2014\/08\/P1050440_blog.jpg?w=794\" width=\"500\" height=\"280\" \/><\/a><p class=\"wp-caption-text\">D\u00e9j\u00e0-vu?<a style=\"font-weight: bold; font-size: 12px;\" href=\"http:\/\/blog.katjaundwolfgang.de\/wp-content\/uploads\/sites\/2\/2014\/08\/P1050441_blog.jpg\"><img loading=\"lazy\" decoding=\"async\" class=\" \" title=\"Irgendwie sieht es hier ein bisschen aus wie in Tasmanien, fehlt nur noch ein Padmeleon\" alt=\"Irgendwie sieht es hier ein bisschen aus wie in Tasmanien, fehlt nur noch ein Padmeleon\" src=\"http:\/\/blog.katjaundwolfgang.de\/wp-content\/uploads\/sites\/2\/2014\/08\/P1050441_blog.jpg?w=794\" width=\"500\" height=\"280\" \/><\/a>Irgendwie sieht es hier ein bisschen aus wie in Tasmanien, fehlt nur noch ein Padmeleon<a style=\"font-weight: bold; font-size: 12px;\" href=\"http:\/\/blog.katjaundwolfgang.de\/wp-content\/uploads\/sites\/2\/2014\/08\/P1050438_blog.jpg\"><img loading=\"lazy\" decoding=\"async\" class=\" \" title=\"Noch ein bisschen Tasmanien\" alt=\"Noch ein bisschen Tasmanien\" src=\"http:\/\/blog.katjaundwolfgang.de\/wp-content\/uploads\/sites\/2\/2014\/08\/P1050438_blog.jpg?w=794\" width=\"500\" height=\"280\" \/><\/a>Noch ein bisschen Tasmanien<a style=\"font-weight: bold; font-size: 12px;\" href=\"http:\/\/blog.katjaundwolfgang.de\/wp-content\/uploads\/sites\/2\/2014\/08\/P1050450_blog.jpg\"><img loading=\"lazy\" decoding=\"async\" class=\" \" title=\"...oder doch Kambodscha? \" alt=\"...oder doch Kambodscha? \" src=\"http:\/\/blog.katjaundwolfgang.de\/wp-content\/uploads\/sites\/2\/2014\/08\/P1050450_blog.jpg?w=794\" width=\"500\" height=\"280\" \/><\/a>&#8230;oder doch Kambodscha?<a style=\"font-weight: bold; font-size: 12px;\" href=\"http:\/\/blog.katjaundwolfgang.de\/wp-content\/uploads\/sites\/2\/2014\/08\/P1050490_blog.jpg\"><img loading=\"lazy\" decoding=\"async\" class=\" \" title=\"Nahaufnahme einer Schacht (= Alm)\" alt=\"Nahaufnahme einer Schacht (= Alm)\" src=\"http:\/\/blog.katjaundwolfgang.de\/wp-content\/uploads\/sites\/2\/2014\/08\/P1050490_blog.jpg?w=794\" width=\"500\" height=\"280\" \/><\/a>Nahaufnahme einer Schacht (= Alm)<a style=\"font-weight: bold; font-size: 12px;\" href=\"http:\/\/blog.katjaundwolfgang.de\/wp-content\/uploads\/sites\/2\/2014\/08\/P1050448_blog.jpg\"><img loading=\"lazy\" decoding=\"async\" class=\" \" title=\"Ist hier die Enterprise gelandet?\" alt=\"Ist hier die Enterprise gelandet?\" src=\"http:\/\/blog.katjaundwolfgang.de\/wp-content\/uploads\/sites\/2\/2014\/08\/P1050448_blog.jpg?w=794\" width=\"500\" height=\"280\" \/><\/a>Ist hier die Enterprise gelandet?<\/p><\/div>\n","protected":false},"excerpt":{"rendered":"<p>Nun sind wir ja schon wieder l\u00e4ngere Zeit in Deutschland. Die geplante Pause von 2-3 Wochen hat sich leider etwas verl\u00e4ngert. Ja, auch wir werden \u00e4lter und die ersten Verschlei\u00dferscheinungen beginnen :-). Wolfgang hatte eine Kalkschulter und bis das v\u00f6llig &hellip; <a href=\"http:\/\/blog.katjaundwolfgang.de\/?p=918\">Weiterlesen <span class=\"meta-nav\">&rarr;<\/span><\/a><\/p>\n","protected":false},"author":3,"featured_media":0,"comment_status":"closed","ping_status":"open","sticky":false,"template":"","format":"standard","meta":{"footnotes":""},"categories":[13],"tags":[],"_links":{"self":[{"href":"http:\/\/blog.katjaundwolfgang.de\/index.php?rest_route=\/wp\/v2\/posts\/918"}],"collection":[{"href":"http:\/\/blog.katjaundwolfgang.de\/index.php?rest_route=\/wp\/v2\/posts"}],"about":[{"href":"http:\/\/blog.katjaundwolfgang.de\/index.php?rest_route=\/wp\/v2\/types\/post"}],"author":[{"embeddable":true,"href":"http:\/\/blog.katjaundwolfgang.de\/index.php?rest_route=\/wp\/v2\/users\/3"}],"replies":[{"embeddable":true,"href":"http:\/\/blog.katjaundwolfgang.de\/index.php?rest_route=%2Fwp%2Fv2%2Fcomments&post=918"}],"version-history":[{"count":13,"href":"http:\/\/blog.katjaundwolfgang.de\/index.php?rest_route=\/wp\/v2\/posts\/918\/revisions"}],"predecessor-version":[{"id":958,"href":"http:\/\/blog.katjaundwolfgang.de\/index.php?rest_route=\/wp\/v2\/posts\/918\/revisions\/958"}],"wp:attachment":[{"href":"http:\/\/blog.katjaundwolfgang.de\/index.php?rest_route=%2Fwp%2Fv2%2Fmedia&parent=918"}],"wp:term":[{"taxonomy":"category","embeddable":true,"href":"http:\/\/blog.katjaundwolfgang.de\/index.php?rest_route=%2Fwp%2Fv2%2Fcategories&post=918"},{"taxonomy":"post_tag","embeddable":true,"href":"http:\/\/blog.katjaundwolfgang.de\/index.php?rest_route=%2Fwp%2Fv2%2Ftags&post=918"}],"curies":[{"name":"wp","href":"https:\/\/api.w.org\/{rel}","templated":true}]}}