{"id":959,"date":"2014-08-07T14:32:30","date_gmt":"2014-08-07T12:32:30","guid":{"rendered":"http:\/\/blog.katjaundwolfgang.de\/?p=959"},"modified":"2024-01-09T09:34:09","modified_gmt":"2024-01-09T08:34:09","slug":"bergeinsatz-schweiz-21-26-7-14","status":"publish","type":"post","link":"http:\/\/blog.katjaundwolfgang.de\/?p=959","title":{"rendered":"Bergeinsatz Schweiz, 21.-26.7.14"},"content":{"rendered":"<p>Das n\u00e4chste Ziel unserer Reise liegt in der Schweiz und zwar zu einem sogenannten Bergeinsatz.\u00a0Schon vor l\u00e4ngerer Zeit hatte ich mich mal im Internet \u00fcber M\u00f6glichkeiten informiert anderen Menschen zu helfen, mit einer Arbeit die ich gerne tue und ohne das ich daf\u00fcr horrende Summen ausgeben muss. Damals bin ich auf die Caritas Schweiz gesto\u00dfen, die Bergeins\u00e4tze f\u00fcr Freiwillige an Bergbauernfamilien vermittelt die entweder in eine Notsituation geraten sind oder die sich einfach in den arbeitsreichen Sommermonaten \u00fcber jede zupackende Hand freuen.<\/p>\n<p>Diesmal war ich alleine unterwegs. Naja nicht ganz alleine, eine gute Freundin (hallo Susanne) war dabei, aber eben ohne Wolfgang und Henry. Da eine Weltreise ja eigentlich auch den Horizont erweitern soll und man neue Erfahrungen sammelt geh\u00f6rt f\u00fcr mich diese Woche definitiv auch zu unserer Weltreise und damit in diesen Blog.<\/p>\n<p>Wir sind mit den \u00f6ffentlichen Verkehrsmitteln in den Kanton Uri angereist, f\u00fcr viele vielleicht bekannt durch Wilhelm Tell. Dabei haben wir gleich den ersten Kontakt mit dem Postbusfahrer gekn\u00fcpft. Wir waren n\u00e4mlich die einzigen (Touristen) die nicht sp\u00e4testens am Wilhelm Tell Museum ausgestiegen sind, so dass wir gleich erstmal auffielen.<br \/>\nDa der Bergbauernhof auf einer H\u00f6he von 1200 m liegt musste das letzte St\u00fcck mit Hilfe einer Luftseilbahn \u00fcberwunden werden (die Alternative w\u00e4re laufen gewesen \ud83d\ude42 )An der Talstation der Luftseilbahn wurden wir zum Gl\u00fcck von Cornelia und Markus, die junge Familie die wir unterst\u00fctzen wollten, abgeholt. Die Seilbahn existiert schon seit 1956, arbeitet vollautomatisch und wird mit Jetons betrieben. Vermutlich w\u00e4ren wir hier ohne Unterst\u00fctzung schon gescheitert \ud83d\ude09<\/p>\n<div id=\"attachment_972\" style=\"width: 510px\" class=\"wp-caption aligncenter\"><a href=\"http:\/\/blog.katjaundwolfgang.de\/wp-content\/uploads\/sites\/2\/2014\/08\/blog_P1110045.jpg\"><img loading=\"lazy\" decoding=\"async\" aria-describedby=\"caption-attachment-972\" class=\" wp-image-972 \" title=\"Luftseilbahn, wird auch zum Transport von K\u00e4lbern verwendet\" alt=\"Luftseilbahn, wird auch zum Transport von K\u00e4lbern verwendet\" src=\"http:\/\/blog.katjaundwolfgang.de\/wp-content\/uploads\/sites\/2\/2014\/08\/blog_P1110045.jpg\" width=\"500\" height=\"340\" \/><\/a><p id=\"caption-attachment-972\" class=\"wp-caption-text\">Luftseilbahn, wird auch zum Transport von K\u00e4lbern verwendet<\/p><\/div>\n<p style=\"text-align: left;\">Ein Wort zu dieser Seilbahn muss ich noch loswerden: Momentan ist eine Stra\u00dfe geplant die die letzten H\u00f6fe in diesem Teil erschlie\u00dft, bzw. es wird auch schon gebaut. Die Stra\u00dfe w\u00e4re eine enorme Entlastung f\u00fcr die Familien die hier oben wohnen, sei es um Lebensmittel und Getr\u00e4nke zu transportieren oder um ein Kalb nach oben zu bringen oder damit im Notfall vielleicht auch einfach mal schnell ein Arzt aufgesucht werden kann. Ich betone das hier deswegen extra, da ich zuf\u00e4llig in einem Internetforum auf diese Diskussion gesto\u00dfen bin und die meisten Leute dort meinten das der Strassenbau verboten geh\u00f6rt und das die Menschen die da oben wohnen &#8222;selber schuld&#8220; sind und doch nach unten ziehen k\u00f6nnen. Hallo?!?! Vielleicht muss ich hier den einen oder anderen Irrglauben zerst\u00f6ren aber K\u00e4se, Milch, Butter, Schinken wird nicht im Supermarkt produziert. Klar gibt es die Seilbahn, nur ist die eben auch anf\u00e4llig. Wenn es mal st\u00fcrmt bleibt einem nix anderes \u00fcbrig als zu laufen. Auch ich habe lieber unverbaute Natur aber anderen Menschen nicht den Luxus zu g\u00f6nnen den man selber als selbstverst\u00e4ndlich sieht ist ganz sch\u00f6n egoistisch. Sorry, aber das musste ich jetzt hier mal loswerden.<\/p>\n<p>Nun aber weiter mit dem Bericht \ud83d\ude42<br \/>\nEigentlich sollten wir bei der Heuernte helfen, besser gesagt beim emden, denn nur aus der ersten Maat wird Heu gemacht aus der zweiten das sogenannte Emd. Leider hat das Wetter nicht ganz mitgespielt, daf\u00fcr h\u00e4tte es einige Tage sch\u00f6nes, stabiles Wetter gebraucht. In der Woche die wir da waren war es aber eher regnerisch bis wechselhaft. Arbeitslos waren wir deswegen trotzdem nicht und wir konnten dadurch einen Einblick gewinnen welche Arbeit auf so einem Bergbauernhof noch anf\u00e4llt.<\/p>\n<p>Am ersten Tag haben wir uns Vormittags aufgeteilt, Susanne hat Cornelia im Haushalt und Garten geholfen w\u00e4hrend ich Markus und seinen Vater zu den K\u00fchen und K\u00e4lbern begleitet habe, die auf eine andere Wiese getrieben werden sollten. Trotz Sicherheitsabstand hat es nicht lange gedauert und ich hatte die erste Sch&#8230; auf T-Shirt und Hose, ich glaube ich wurde von den K\u00fchen akzeptiert :-).<br \/>\nZuerst musste ein mobiler Zaun aufgebaut werden bevor wir die K\u00fche auf die Weide treiben konnten. Eigentlich halb so wild wenn man zu zweit oder dritt ist. Aber alleine l\u00e4uft man da schon mal schnell einiges an Kilometern. Bis auf ein Kalb das an einer Stelle partout nicht weiter wollte und v\u00f6llig unbeeindruckt von meinen Rufen und Klatschen auf den Hintern war (das hat bestimmt gesp\u00fcrt das ich keine Ahnung habe \ud83d\ude09 ) ging alles gut und die K\u00fche waren relativ schnell auf der anderen Weide.<br \/>\nNachmittags und am n\u00e4chsten Tag haben wir einen Wintervorrat an Brennholz angelegt, wobei wir haupts\u00e4chlich das Holz ins Lager getragen und dort gestapelt haben.<\/p>\n<p>Mittwochs war es erstmals trocken und so ging es auf eine bereits gem\u00e4hte Wiese, um das Emd zu wenden. Markus meinte hinterher: Wir h\u00e4tten den Mount Everest vom Sch\u00e4chental bestiegen :-))). Ja, wir m\u00fcssen ein lustiges Bild abgegeben haben als wir mehr oder weniger auf allen vieren in dem steileren Teil der Wiese herumgekrabbelt sind und schwer beeindruckt davon waren wie flink Markus und sein Vater sich hier bewegen. Zum Gl\u00fcck war aber nur ein kurzes St\u00fcck steiler. Trotzdem fanden wir es ziemlich anstrengend fast permanent auf schr\u00e4gem Gel\u00e4nde zu stehen.<br \/>\nTags darauf war klar, das ein Teil der Arbeit umsonst war, es regnete wieder und so konnte die Ernte nat\u00fcrlich nicht trocknen.<\/p>\n<div id=\"attachment_973\" style=\"width: 510px\" class=\"wp-caption aligncenter\"><a href=\"http:\/\/blog.katjaundwolfgang.de\/wp-content\/uploads\/sites\/2\/2014\/08\/blog_P1050546.jpg\"><img loading=\"lazy\" decoding=\"async\" aria-describedby=\"caption-attachment-973\" class=\" wp-image-973\" title=\"rechts wurde das Emd gemacht, der obere Abschnitt war unser &quot;Mount Everest&quot; :-)\" alt=\"rechts wurde das Emd gemacht, der obere Abschnitt war unser &quot;Mount Everest&quot; :-)\" src=\"http:\/\/blog.katjaundwolfgang.de\/wp-content\/uploads\/sites\/2\/2014\/08\/blog_P1050546.jpg\" width=\"500\" height=\"280\" srcset=\"http:\/\/blog.katjaundwolfgang.de\/wp-content\/uploads\/sites\/2\/2014\/08\/blog_P1050546.jpg 794w, http:\/\/blog.katjaundwolfgang.de\/wp-content\/uploads\/sites\/2\/2014\/08\/blog_P1050546-300x168.jpg 300w\" sizes=\"(max-width: 500px) 100vw, 500px\" \/><\/a><p id=\"caption-attachment-973\" class=\"wp-caption-text\">rechts wurde das Emd gemacht, der obere Abschnitt war unser &#8222;Mount Everest&#8220; \ud83d\ude42<\/p><\/div>\n<p style=\"text-align: left;\">Statt also weiter zu ernten ging es in den Wald um Pf\u00e4hle f\u00fcr den Zaunbau herzustellen. Damit diese m\u00f6glichst lange halten und nicht von Ungeziefer befallen werden, m\u00fcssen die B\u00e4ume nach dem f\u00e4llen entrindet werden. Markus und sein Vater \u00fcbernahmen den gef\u00e4hrlicheren Teil (f\u00e4llen, zuschneiden, anspitzen), w\u00e4hrend Susanne und ich entrindeten und die fertigen Pf\u00e4hle weggetragen und zum trocknen aufgestellt haben. Ok, ab und zu wurden wir von einem der beiden unterst\u00fctzt, wenn wir nicht mehr hinterherkamen \ud83d\ude42 Alles in allem haben wir an diesem Tag zu viert 115 Pf\u00e4hle fertiggestellt und waren abends auch entsprechend m\u00fcde. Entrindet habe ich dann noch nachts in meinen Tr\u00e4umen.<\/p>\n<div id=\"attachment_974\" style=\"width: 510px\" class=\"wp-caption aligncenter\"><a href=\"http:\/\/blog.katjaundwolfgang.de\/wp-content\/uploads\/sites\/2\/2014\/08\/blog_P1050575.jpg\"><img loading=\"lazy\" decoding=\"async\" aria-describedby=\"caption-attachment-974\" class=\" wp-image-974\" title=\"jede Menge Pf\u00e4hle\" alt=\"jede Menge Pf\u00e4hle\" src=\"http:\/\/blog.katjaundwolfgang.de\/wp-content\/uploads\/sites\/2\/2014\/08\/blog_P1050575.jpg\" width=\"500\" height=\"280\" srcset=\"http:\/\/blog.katjaundwolfgang.de\/wp-content\/uploads\/sites\/2\/2014\/08\/blog_P1050575.jpg 794w, http:\/\/blog.katjaundwolfgang.de\/wp-content\/uploads\/sites\/2\/2014\/08\/blog_P1050575-300x168.jpg 300w\" sizes=\"(max-width: 500px) 100vw, 500px\" \/><\/a><p id=\"caption-attachment-974\" class=\"wp-caption-text\">jede Menge Pf\u00e4hle<\/p><\/div>\n<div id=\"attachment_975\" style=\"width: 510px\" class=\"wp-caption aligncenter\"><a href=\"http:\/\/blog.katjaundwolfgang.de\/wp-content\/uploads\/sites\/2\/2014\/08\/blog_Susanne_P1030617.jpg\"><img loading=\"lazy\" decoding=\"async\" aria-describedby=\"caption-attachment-975\" class=\" wp-image-975\" title=\"Schmutzfink nach getaner Arbeit :-)\" alt=\"Schmutzfink nach getaner Arbeit :-)\" src=\"http:\/\/blog.katjaundwolfgang.de\/wp-content\/uploads\/sites\/2\/2014\/08\/blog_Susanne_P1030617.jpg\" width=\"500\" height=\"375\" srcset=\"http:\/\/blog.katjaundwolfgang.de\/wp-content\/uploads\/sites\/2\/2014\/08\/blog_Susanne_P1030617.jpg 800w, http:\/\/blog.katjaundwolfgang.de\/wp-content\/uploads\/sites\/2\/2014\/08\/blog_Susanne_P1030617-300x225.jpg 300w\" sizes=\"(max-width: 500px) 100vw, 500px\" \/><\/a><p id=\"caption-attachment-975\" class=\"wp-caption-text\">Schmutzfink nach getaner Arbeit \ud83d\ude42<\/p><\/div>\n<p>Freitags war endlich sch\u00f6nes Wetter und so ging es daran Silage zu machen. Hier wird das frisch gem\u00e4hte Gras ins Silo gefahren und unterliegt dann einem G\u00e4rprozess. Um alles gut zusammenzupressen und Lufteinschl\u00fcsse zu vermeiden wird das ganze mit einer Wasserblase beschwert. Es war ziemlich ern\u00fcchternd wie klein unsere Ausbeute danach war. Erst war das Silo zu ca. 2\/3 gef\u00fcllt und am n\u00e4chsten morgen war praktisch nichts mehr da. Ein bisschen emden konnten wir dann auch noch und wir konnten uns davon \u00fcberzeugen wie praktisch ein Heugebl\u00e4se ist. Nachdem Markus das Emd vor der Scheune abgeladen hatte habe ich noch gefragt ob es jetzt von alleine in die Scheune fliegt. Irgendwie hat es das dann ja auch fast getan ;-).<br \/>\nAn diesem Tag waren wir beide fix und fertig. Man glaubt gar nicht wie anstrengend es sein kann &#8222;so ein bisschen&#8220; Gras mit einem Rechen zusammen zu schieben.<\/p>\n<div id=\"attachment_976\" style=\"width: 510px\" class=\"wp-caption aligncenter\"><a href=\"http:\/\/blog.katjaundwolfgang.de\/wp-content\/uploads\/sites\/2\/2014\/08\/blog_P1050554.jpg\"><img loading=\"lazy\" decoding=\"async\" aria-describedby=\"caption-attachment-976\" class=\" wp-image-976\" title=\"das Silo (links) mit Remise (rechtes Geb\u00e4ude), auf der Wiese dahinter wurde Silage gemacht\" alt=\"das Silo (links) mit Remise (rechtes Geb\u00e4ude), auf der Wiese dahinter wurde Silage gemacht\" src=\"http:\/\/blog.katjaundwolfgang.de\/wp-content\/uploads\/sites\/2\/2014\/08\/blog_P1050554.jpg\" width=\"500\" height=\"280\" srcset=\"http:\/\/blog.katjaundwolfgang.de\/wp-content\/uploads\/sites\/2\/2014\/08\/blog_P1050554.jpg 794w, http:\/\/blog.katjaundwolfgang.de\/wp-content\/uploads\/sites\/2\/2014\/08\/blog_P1050554-300x168.jpg 300w\" sizes=\"(max-width: 500px) 100vw, 500px\" \/><\/a><p id=\"caption-attachment-976\" class=\"wp-caption-text\">das Silo (links) mit Remise (rechtes Geb\u00e4ude), auf der Wiese dahinter wurde Silage gemacht<\/p><\/div>\n<p>Den letzten Tag haben wir dann noch gen\u00fctzt um Ersatzklingen f\u00fcr einen Balkenm\u00e4her zu produzieren. Der hier verwendete handgef\u00fchrte Motorm\u00e4her kann speziell in Gebieten eingesetzt werden die f\u00fcr schwereres Ger\u00e4t nicht zug\u00e4nglich sind (unwegsames Gel\u00e4nde und Hanglage). Das Pflanzenmaterial wird dabei nach dem Scherenprinzip\u00a0mit Hilfe von 2 Messerschienen (Balken), auf denen mehrere dreiecksf\u00f6rmige Messerklingen angebracht sind geschnitten. Diese einzelnen Messerklingen k\u00f6nnen aber (z.B. durch Steine) besch\u00e4digt werden und m\u00fcssen dann ausgetauscht werden.<br \/>\nAus 2 alten, nicht mehr verwendbaren Messern haben wir daher die noch brauchbaren Klingen entfernt. Da die Klingen fest mit der Schiene vernietet sind war daf\u00fcr eine Flex, eine Bohrmaschiene, ein F\u00e4ustel und 4 mehr oder weniger starke Oberarme \ud83d\ude42 n\u00f6tig.<\/p>\n<div id=\"attachment_977\" style=\"width: 510px\" class=\"wp-caption aligncenter\"><a href=\"http:\/\/blog.katjaundwolfgang.de\/wp-content\/uploads\/sites\/2\/2014\/08\/blog_P1050565.jpg\"><img loading=\"lazy\" decoding=\"async\" aria-describedby=\"caption-attachment-977\" class=\" wp-image-977\" title=\"Diese dreiecksf\u00f6rmigen Klingen mussten von der Schiene entfernt werden\" alt=\"Diese dreiecksf\u00f6rmigen Klingen mussten von der Schiene entfernt werden\" src=\"http:\/\/blog.katjaundwolfgang.de\/wp-content\/uploads\/sites\/2\/2014\/08\/blog_P1050565.jpg\" width=\"500\" height=\"280\" srcset=\"http:\/\/blog.katjaundwolfgang.de\/wp-content\/uploads\/sites\/2\/2014\/08\/blog_P1050565.jpg 794w, http:\/\/blog.katjaundwolfgang.de\/wp-content\/uploads\/sites\/2\/2014\/08\/blog_P1050565-300x168.jpg 300w\" sizes=\"(max-width: 500px) 100vw, 500px\" \/><\/a><p id=\"caption-attachment-977\" class=\"wp-caption-text\">Diese dreiecksf\u00f6rmigen Klingen mussten von der Schiene entfernt werden<\/p><\/div>\n<div id=\"attachment_978\" style=\"width: 510px\" class=\"wp-caption aligncenter\"><a href=\"http:\/\/blog.katjaundwolfgang.de\/wp-content\/uploads\/sites\/2\/2014\/08\/blog_P1050568.jpg\"><img loading=\"lazy\" decoding=\"async\" aria-describedby=\"caption-attachment-978\" class=\" wp-image-978\" title=\"Da fliegen auch schon mal die Funken :-)\" alt=\"Da fliegen auch schon mal die Funken :-)\" src=\"http:\/\/blog.katjaundwolfgang.de\/wp-content\/uploads\/sites\/2\/2014\/08\/blog_P1050568.jpg\" width=\"500\" height=\"280\" srcset=\"http:\/\/blog.katjaundwolfgang.de\/wp-content\/uploads\/sites\/2\/2014\/08\/blog_P1050568.jpg 794w, http:\/\/blog.katjaundwolfgang.de\/wp-content\/uploads\/sites\/2\/2014\/08\/blog_P1050568-300x168.jpg 300w\" sizes=\"(max-width: 500px) 100vw, 500px\" \/><\/a><p id=\"caption-attachment-978\" class=\"wp-caption-text\">Da fliegen auch schon mal die Funken \ud83d\ude42<\/p><\/div>\n<div id=\"attachment_979\" style=\"width: 510px\" class=\"wp-caption aligncenter\"><a href=\"http:\/\/blog.katjaundwolfgang.de\/wp-content\/uploads\/sites\/2\/2014\/08\/blog_P1050564.jpg\"><img loading=\"lazy\" decoding=\"async\" aria-describedby=\"caption-attachment-979\" class=\" wp-image-979\" title=\"Dann eben mit Gewalt ;-)\" alt=\"Dann eben mit Gewalt ;-)\" src=\"http:\/\/blog.katjaundwolfgang.de\/wp-content\/uploads\/sites\/2\/2014\/08\/blog_P1050564.jpg\" width=\"500\" height=\"280\" srcset=\"http:\/\/blog.katjaundwolfgang.de\/wp-content\/uploads\/sites\/2\/2014\/08\/blog_P1050564.jpg 794w, http:\/\/blog.katjaundwolfgang.de\/wp-content\/uploads\/sites\/2\/2014\/08\/blog_P1050564-300x168.jpg 300w\" sizes=\"(max-width: 500px) 100vw, 500px\" \/><\/a><p id=\"caption-attachment-979\" class=\"wp-caption-text\">Dann eben mit Gewalt \ud83d\ude09<\/p><\/div>\n<p>Nach einem letzten sch\u00f6nen Abend hie\u00df es am n\u00e4chsten Tag Abschied nehmen. Mit vielen tollen Eindr\u00fccken und viel Respekt und Bewunderung f\u00fcr Cornelia und Markus, die eine wahnsinnige Arbeit leisten, ging es zur\u00fcck nach Deutschland.<\/p>\n<div id=\"attachment_980\" style=\"width: 510px\" class=\"wp-caption aligncenter\"><a href=\"http:\/\/blog.katjaundwolfgang.de\/wp-content\/uploads\/sites\/2\/2014\/08\/blog_P1050583.jpg\"><img loading=\"lazy\" decoding=\"async\" aria-describedby=\"caption-attachment-980\" class=\" wp-image-980\" title=\"Abendlichter des n\u00e4chsten gr\u00f6\u00dferen Ortes\" alt=\"Abendlichter des n\u00e4chsten gr\u00f6\u00dferen Ortes\" src=\"http:\/\/blog.katjaundwolfgang.de\/wp-content\/uploads\/sites\/2\/2014\/08\/blog_P1050583.jpg\" width=\"500\" height=\"280\" srcset=\"http:\/\/blog.katjaundwolfgang.de\/wp-content\/uploads\/sites\/2\/2014\/08\/blog_P1050583.jpg 794w, http:\/\/blog.katjaundwolfgang.de\/wp-content\/uploads\/sites\/2\/2014\/08\/blog_P1050583-300x168.jpg 300w\" sizes=\"(max-width: 500px) 100vw, 500px\" \/><\/a><p id=\"caption-attachment-980\" class=\"wp-caption-text\">Abendlichter des n\u00e4chsten gr\u00f6\u00dferen Ortes<\/p><\/div>\n<div id=\"attachment_981\" style=\"width: 510px\" class=\"wp-caption aligncenter\"><a href=\"http:\/\/blog.katjaundwolfgang.de\/wp-content\/uploads\/sites\/2\/2014\/08\/blog_P1050513.jpg\"><img loading=\"lazy\" decoding=\"async\" aria-describedby=\"caption-attachment-981\" class=\" wp-image-981\" title=\"Aussicht, wenn es mal aufrei\u00dft \" alt=\"Aussicht, wenn es mal aufrei\u00dft \" src=\"http:\/\/blog.katjaundwolfgang.de\/wp-content\/uploads\/sites\/2\/2014\/08\/blog_P1050513.jpg\" width=\"500\" height=\"280\" srcset=\"http:\/\/blog.katjaundwolfgang.de\/wp-content\/uploads\/sites\/2\/2014\/08\/blog_P1050513.jpg 794w, http:\/\/blog.katjaundwolfgang.de\/wp-content\/uploads\/sites\/2\/2014\/08\/blog_P1050513-300x168.jpg 300w\" sizes=\"(max-width: 500px) 100vw, 500px\" \/><\/a><p id=\"caption-attachment-981\" class=\"wp-caption-text\">Aussicht, wenn es mal aufrei\u00dft<\/p><\/div>\n<div id=\"attachment_982\" style=\"width: 510px\" class=\"wp-caption aligncenter\"><a href=\"http:\/\/blog.katjaundwolfgang.de\/wp-content\/uploads\/sites\/2\/2014\/08\/blog_P1050517.jpg\"><img loading=\"lazy\" decoding=\"async\" aria-describedby=\"caption-attachment-982\" class=\" wp-image-982\" title=\"nach dem Regen :-)\" alt=\"nach dem Regen :-)\" src=\"http:\/\/blog.katjaundwolfgang.de\/wp-content\/uploads\/sites\/2\/2014\/08\/blog_P1050517.jpg\" width=\"500\" height=\"280\" srcset=\"http:\/\/blog.katjaundwolfgang.de\/wp-content\/uploads\/sites\/2\/2014\/08\/blog_P1050517.jpg 794w, http:\/\/blog.katjaundwolfgang.de\/wp-content\/uploads\/sites\/2\/2014\/08\/blog_P1050517-300x168.jpg 300w\" sizes=\"(max-width: 500px) 100vw, 500px\" \/><\/a><p id=\"caption-attachment-982\" class=\"wp-caption-text\">nach dem Regen \ud83d\ude42<\/p><\/div>\n<div id=\"attachment_983\" style=\"width: 510px\" class=\"wp-caption aligncenter\"><a href=\"http:\/\/blog.katjaundwolfgang.de\/wp-content\/uploads\/sites\/2\/2014\/08\/blog_P1050519.jpg\"><img loading=\"lazy\" decoding=\"async\" aria-describedby=\"caption-attachment-983\" class=\" wp-image-983\" title=\"So lassen sich Pausen genie\u00dfen\" alt=\"So lassen sich Pausen genie\u00dfen\" src=\"http:\/\/blog.katjaundwolfgang.de\/wp-content\/uploads\/sites\/2\/2014\/08\/blog_P1050519.jpg\" width=\"500\" height=\"280\" srcset=\"http:\/\/blog.katjaundwolfgang.de\/wp-content\/uploads\/sites\/2\/2014\/08\/blog_P1050519.jpg 794w, http:\/\/blog.katjaundwolfgang.de\/wp-content\/uploads\/sites\/2\/2014\/08\/blog_P1050519-300x168.jpg 300w\" sizes=\"(max-width: 500px) 100vw, 500px\" \/><\/a><p id=\"caption-attachment-983\" class=\"wp-caption-text\">So lassen sich Pausen genie\u00dfen<\/p><\/div>\n<div id=\"attachment_984\" style=\"width: 510px\" class=\"wp-caption aligncenter\"><a href=\"http:\/\/blog.katjaundwolfgang.de\/wp-content\/uploads\/sites\/2\/2014\/08\/blog_P1050535.jpg\"><img loading=\"lazy\" decoding=\"async\" aria-describedby=\"caption-attachment-984\" class=\" wp-image-984 \" title=\"Unser n\u00e4chstes Ziel zum Bergsteigen?\" alt=\"Unser n\u00e4chstes Ziel zum Bergsteigen?\" src=\"http:\/\/blog.katjaundwolfgang.de\/wp-content\/uploads\/sites\/2\/2014\/08\/blog_P1050535.jpg\" width=\"500\" height=\"280\" srcset=\"http:\/\/blog.katjaundwolfgang.de\/wp-content\/uploads\/sites\/2\/2014\/08\/blog_P1050535.jpg 794w, http:\/\/blog.katjaundwolfgang.de\/wp-content\/uploads\/sites\/2\/2014\/08\/blog_P1050535-300x168.jpg 300w\" sizes=\"(max-width: 500px) 100vw, 500px\" \/><\/a><p id=\"caption-attachment-984\" class=\"wp-caption-text\">Unser n\u00e4chstes Ziel zum Bergsteigen?<\/p><\/div>\n<div id=\"attachment_985\" style=\"width: 510px\" class=\"wp-caption aligncenter\"><a href=\"http:\/\/blog.katjaundwolfgang.de\/wp-content\/uploads\/sites\/2\/2014\/08\/blog_P1050548.jpg\"><img loading=\"lazy\" decoding=\"async\" aria-describedby=\"caption-attachment-985\" class=\" wp-image-985\" title=\"Das ehemalige Austragshaus f\u00fcr die Eltern, wenn die Kinder den Hof \u00fcbernahmen\" alt=\"Das ehemalige Austragshaus f\u00fcr die Eltern, wenn die Kinder den Hof \u00fcbernahmen\" src=\"http:\/\/blog.katjaundwolfgang.de\/wp-content\/uploads\/sites\/2\/2014\/08\/blog_P1050548.jpg\" width=\"500\" height=\"280\" srcset=\"http:\/\/blog.katjaundwolfgang.de\/wp-content\/uploads\/sites\/2\/2014\/08\/blog_P1050548.jpg 794w, http:\/\/blog.katjaundwolfgang.de\/wp-content\/uploads\/sites\/2\/2014\/08\/blog_P1050548-300x168.jpg 300w\" sizes=\"(max-width: 500px) 100vw, 500px\" \/><\/a><p id=\"caption-attachment-985\" class=\"wp-caption-text\">Das ehemalige Austragshaus f\u00fcr die Eltern, wenn die Kinder den Hof \u00fcbernahmen<\/p><\/div>\n","protected":false},"excerpt":{"rendered":"<p>Das n\u00e4chste Ziel unserer Reise liegt in der Schweiz und zwar zu einem sogenannten Bergeinsatz.\u00a0Schon vor l\u00e4ngerer Zeit hatte ich mich mal im Internet \u00fcber M\u00f6glichkeiten informiert anderen Menschen zu helfen, mit einer Arbeit die ich gerne tue und ohne &hellip; <a href=\"http:\/\/blog.katjaundwolfgang.de\/?p=959\">Weiterlesen <span class=\"meta-nav\">&rarr;<\/span><\/a><\/p>\n","protected":false},"author":3,"featured_media":0,"comment_status":"closed","ping_status":"closed","sticky":false,"template":"","format":"standard","meta":{"footnotes":""},"categories":[14],"tags":[],"_links":{"self":[{"href":"http:\/\/blog.katjaundwolfgang.de\/index.php?rest_route=\/wp\/v2\/posts\/959"}],"collection":[{"href":"http:\/\/blog.katjaundwolfgang.de\/index.php?rest_route=\/wp\/v2\/posts"}],"about":[{"href":"http:\/\/blog.katjaundwolfgang.de\/index.php?rest_route=\/wp\/v2\/types\/post"}],"author":[{"embeddable":true,"href":"http:\/\/blog.katjaundwolfgang.de\/index.php?rest_route=\/wp\/v2\/users\/3"}],"replies":[{"embeddable":true,"href":"http:\/\/blog.katjaundwolfgang.de\/index.php?rest_route=%2Fwp%2Fv2%2Fcomments&post=959"}],"version-history":[{"count":15,"href":"http:\/\/blog.katjaundwolfgang.de\/index.php?rest_route=\/wp\/v2\/posts\/959\/revisions"}],"predecessor-version":[{"id":991,"href":"http:\/\/blog.katjaundwolfgang.de\/index.php?rest_route=\/wp\/v2\/posts\/959\/revisions\/991"}],"wp:attachment":[{"href":"http:\/\/blog.katjaundwolfgang.de\/index.php?rest_route=%2Fwp%2Fv2%2Fmedia&parent=959"}],"wp:term":[{"taxonomy":"category","embeddable":true,"href":"http:\/\/blog.katjaundwolfgang.de\/index.php?rest_route=%2Fwp%2Fv2%2Fcategories&post=959"},{"taxonomy":"post_tag","embeddable":true,"href":"http:\/\/blog.katjaundwolfgang.de\/index.php?rest_route=%2Fwp%2Fv2%2Ftags&post=959"}],"curies":[{"name":"wp","href":"https:\/\/api.w.org\/{rel}","templated":true}]}}